{"id":19042,"date":"2023-09-18T15:30:47","date_gmt":"2023-09-18T19:30:47","guid":{"rendered":"https:\/\/congebec.com\/?p=19042"},"modified":"2023-09-19T10:35:28","modified_gmt":"2023-09-19T14:35:28","slug":"press-release-mascouche","status":"publish","type":"post","link":"https:\/\/congebec.com\/en\/press-release-mascouche\/","title":{"rendered":"Congebec, Rosefellow et Skyline d\u00e9voilent leur projet de construction \u00e0 Mascouche (French)"},"content":{"rendered":"\t\t<div data-elementor-type=\"wp-post\" data-elementor-id=\"19042\" class=\"elementor elementor-19042 elementor-18985\" data-elementor-post-type=\"post\">\n\t\t\t\t\t\t<section class=\"elementor-section elementor-top-section elementor-element elementor-element-6b05c9c2 elementor-section-height-min-height elementor-hidden-tablet elementor-hidden-mobile elementor-section-boxed elementor-section-height-default elementor-section-items-middle\" data-id=\"6b05c9c2\" data-element_type=\"section\" data-e-type=\"section\">\n\t\t\t\t\t\t<div class=\"elementor-container elementor-column-gap-default\">\n\t\t\t\t\t<div class=\"elementor-column elementor-col-100 elementor-top-column elementor-element elementor-element-3d47d15c\" data-id=\"3d47d15c\" data-element_type=\"column\" data-e-type=\"column\">\n\t\t\t<div class=\"elementor-widget-wrap\">\n\t\t\t\t\t\t\t<\/div>\n\t\t<\/div>\n\t\t\t\t\t<\/div>\n\t\t<\/section>\n\t\t\t\t<section class=\"elementor-section elementor-top-section elementor-element elementor-element-5e788449 elementor-section-boxed elementor-section-height-default elementor-section-height-default\" data-id=\"5e788449\" data-element_type=\"section\" data-e-type=\"section\">\n\t\t\t\t\t\t<div class=\"elementor-container elementor-column-gap-default\">\n\t\t\t\t\t<div class=\"elementor-column elementor-col-100 elementor-top-column elementor-element elementor-element-270ca966\" data-id=\"270ca966\" data-element_type=\"column\" data-e-type=\"column\">\n\t\t\t<div class=\"elementor-widget-wrap elementor-element-populated\">\n\t\t\t\t\t\t<div class=\"elementor-element elementor-element-64c635b4 elementor-widget elementor-widget-theme-post-title elementor-page-title elementor-widget-heading\" data-id=\"64c635b4\" data-element_type=\"widget\" data-e-type=\"widget\" data-widget_type=\"theme-post-title.default\">\n\t\t\t\t<div class=\"elementor-widget-container\">\n\t\t\t\t\t<h1 class=\"elementor-heading-title elementor-size-default\">Congebec, Rosefellow et Skyline d\u00e9voilent leur projet de construction \u00e0 Mascouche (French)<\/h1>\t\t\t\t<\/div>\n\t\t\t\t<\/div>\n\t\t\t\t\t<\/div>\n\t\t<\/div>\n\t\t\t\t\t<\/div>\n\t\t<\/section>\n\t\t\t\t<section class=\"elementor-section elementor-top-section elementor-element elementor-element-5611600b elementor-section-full_width elementor-section-height-default elementor-section-height-default\" data-id=\"5611600b\" data-element_type=\"section\" data-e-type=\"section\">\n\t\t\t\t\t\t<div class=\"elementor-container elementor-column-gap-default\">\n\t\t\t\t\t<div class=\"elementor-column elementor-col-100 elementor-top-column elementor-element elementor-element-40ff9051\" data-id=\"40ff9051\" data-element_type=\"column\" data-e-type=\"column\">\n\t\t\t<div class=\"elementor-widget-wrap elementor-element-populated\">\n\t\t\t\t\t\t<div class=\"elementor-element elementor-element-35eb87d4 elementor-widget elementor-widget-theme-post-featured-image elementor-widget-image\" data-id=\"35eb87d4\" data-element_type=\"widget\" data-e-type=\"widget\" data-widget_type=\"theme-post-featured-image.default\">\n\t\t\t\t<div class=\"elementor-widget-container\">\n\t\t\t\t\t\t\t\t\t\t\t\t\t\t\t<img fetchpriority=\"high\" decoding=\"async\" width=\"1901\" height=\"602\" src=\"https:\/\/congebec.com\/wp-content\/uploads\/2023\/09\/SITE-WEB-Coupure-du-ruban-1.png\" class=\"attachment-full size-full wp-image-19083\" alt=\"\" srcset=\"https:\/\/congebec.com\/wp-content\/uploads\/2023\/09\/SITE-WEB-Coupure-du-ruban-1.png 1901w, https:\/\/congebec.com\/wp-content\/uploads\/2023\/09\/SITE-WEB-Coupure-du-ruban-1-300x95.png 300w, https:\/\/congebec.com\/wp-content\/uploads\/2023\/09\/SITE-WEB-Coupure-du-ruban-1-1024x324.png 1024w, https:\/\/congebec.com\/wp-content\/uploads\/2023\/09\/SITE-WEB-Coupure-du-ruban-1-150x48.png 150w, https:\/\/congebec.com\/wp-content\/uploads\/2023\/09\/SITE-WEB-Coupure-du-ruban-1-768x243.png 768w, https:\/\/congebec.com\/wp-content\/uploads\/2023\/09\/SITE-WEB-Coupure-du-ruban-1-1536x486.png 1536w, https:\/\/congebec.com\/wp-content\/uploads\/2023\/09\/SITE-WEB-Coupure-du-ruban-1-1800x570.png 1800w, https:\/\/congebec.com\/wp-content\/uploads\/2023\/09\/SITE-WEB-Coupure-du-ruban-1-960x304.png 960w\" sizes=\"(max-width: 1901px) 100vw, 1901px\" \/>\t\t\t\t\t\t\t\t\t\t\t\t\t\t\t<\/div>\n\t\t\t\t<\/div>\n\t\t\t\t\t<\/div>\n\t\t<\/div>\n\t\t\t\t\t<\/div>\n\t\t<\/section>\n\t\t\t\t<section class=\"elementor-section elementor-top-section elementor-element elementor-element-5fe5aa6 elementor-section-boxed elementor-section-height-default elementor-section-height-default\" data-id=\"5fe5aa6\" data-element_type=\"section\" data-e-type=\"section\">\n\t\t\t\t\t\t<div class=\"elementor-container elementor-column-gap-default\">\n\t\t\t\t\t<div class=\"elementor-column elementor-col-33 elementor-top-column elementor-element elementor-element-ba1a227\" data-id=\"ba1a227\" data-element_type=\"column\" data-e-type=\"column\">\n\t\t\t<div class=\"elementor-widget-wrap elementor-element-populated\">\n\t\t\t\t\t\t<div class=\"elementor-element elementor-element-036c9cd elementor-widget elementor-widget-post-info\" data-id=\"036c9cd\" data-element_type=\"widget\" data-e-type=\"widget\" data-widget_type=\"post-info.default\">\n\t\t\t\t<div class=\"elementor-widget-container\">\n\t\t\t\t\t\t\t<ul class=\"elementor-inline-items elementor-icon-list-items elementor-post-info\">\n\t\t\t\t\t\t\t\t<li class=\"elementor-icon-list-item elementor-repeater-item-2842823 elementor-inline-item\">\n\t\t\t\t\t\t\t\t\t\t\t\t\t<span class=\"elementor-icon-list-text elementor-post-info__item elementor-post-info__item--type-custom\">\n\t\t\t\t\t\t\t\t\t\tPRESS RELEASE\t\t\t\t\t<\/span>\n\t\t\t\t\t\t\t\t<\/li>\n\t\t\t\t<li class=\"elementor-icon-list-item elementor-repeater-item-d90b9d6 elementor-inline-item\">\n\t\t\t\t\t\t\t\t\t\t\t\t\t<span class=\"elementor-icon-list-text elementor-post-info__item elementor-post-info__item--type-custom\">\n\t\t\t\t\t\t\t\t\t\tCongebec\t\t\t\t\t<\/span>\n\t\t\t\t\t\t\t\t<\/li>\n\t\t\t\t<li class=\"elementor-icon-list-item elementor-repeater-item-a475e37 elementor-inline-item\" itemprop=\"datePublished\">\n\t\t\t\t\t\t<a href=\"https:\/\/congebec.com\/en\/2023\/09\/18\/\">\n\t\t\t\t\t\t\t\t\t\t\t<span class=\"elementor-icon-list-icon\">\n\t\t\t\t\t\t\t\t<i aria-hidden=\"true\" class=\"fas fa-calendar\"><\/i>\t\t\t\t\t\t\t<\/span>\n\t\t\t\t\t\t\t\t\t<span class=\"elementor-icon-list-text elementor-post-info__item elementor-post-info__item--type-date\">\n\t\t\t\t\t\t\t\t\t\t<time>2023-09-18<\/time>\t\t\t\t\t<\/span>\n\t\t\t\t\t\t\t\t\t<\/a>\n\t\t\t\t<\/li>\n\t\t\t\t<\/ul>\n\t\t\t\t\t\t<\/div>\n\t\t\t\t<\/div>\n\t\t\t\t\t<\/div>\n\t\t<\/div>\n\t\t\t\t<div class=\"elementor-column elementor-col-33 elementor-top-column elementor-element elementor-element-dae51f5 elementor-hidden-tablet elementor-hidden-mobile\" data-id=\"dae51f5\" data-element_type=\"column\" data-e-type=\"column\">\n\t\t\t<div class=\"elementor-widget-wrap elementor-element-populated\">\n\t\t\t\t\t\t<div class=\"elementor-element elementor-element-639001de elementor-widget elementor-widget-heading\" data-id=\"639001de\" data-element_type=\"widget\" data-e-type=\"widget\" data-widget_type=\"heading.default\">\n\t\t\t\t<div class=\"elementor-widget-container\">\n\t\t\t\t\t<h4 class=\"elementor-heading-title elementor-size-default\">Share:<\/h4>\t\t\t\t<\/div>\n\t\t\t\t<\/div>\n\t\t\t\t\t<\/div>\n\t\t<\/div>\n\t\t\t\t<div class=\"elementor-column elementor-col-33 elementor-top-column elementor-element elementor-element-6f533b3\" data-id=\"6f533b3\" data-element_type=\"column\" data-e-type=\"column\">\n\t\t\t<div class=\"elementor-widget-wrap elementor-element-populated\">\n\t\t\t\t\t\t<div class=\"elementor-element elementor-element-1bebe5a elementor-share-buttons--skin-flat elementor-share-buttons--view-icon-text elementor-share-buttons--shape-square elementor-grid-0 elementor-share-buttons--color-official elementor-widget elementor-widget-share-buttons\" data-id=\"1bebe5a\" data-element_type=\"widget\" data-e-type=\"widget\" data-widget_type=\"share-buttons.default\">\n\t\t\t\t<div class=\"elementor-widget-container\">\n\t\t\t\t\t\t\t<div class=\"elementor-grid\" role=\"list\">\n\t\t\t\t\t\t\t\t<div class=\"elementor-grid-item\" role=\"listitem\">\n\t\t\t\t\t\t<div class=\"elementor-share-btn elementor-share-btn_facebook\" role=\"button\" tabindex=\"0\" aria-label=\"Share on facebook\">\n\t\t\t\t\t\t\t\t\t\t\t\t\t\t\t<span class=\"elementor-share-btn__icon\">\n\t\t\t\t\t\t\t\t<i class=\"fab fa-facebook\" aria-hidden=\"true\"><\/i>\t\t\t\t\t\t\t<\/span>\n\t\t\t\t\t\t\t\t\t\t\t\t\t\t\t\t\t\t\t\t\t\t<div class=\"elementor-share-btn__text\">\n\t\t\t\t\t\t\t\t\t\t\t\t\t\t\t\t\t\t\t<span class=\"elementor-share-btn__title\">\n\t\t\t\t\t\t\t\t\t\tFacebook\t\t\t\t\t\t\t\t\t<\/span>\n\t\t\t\t\t\t\t\t\t\t\t\t\t\t\t\t\t<\/div>\n\t\t\t\t\t\t\t\t\t\t\t\t\t<\/div>\n\t\t\t\t\t<\/div>\n\t\t\t\t\t\t\t\t\t<div class=\"elementor-grid-item\" role=\"listitem\">\n\t\t\t\t\t\t<div class=\"elementor-share-btn elementor-share-btn_twitter\" role=\"button\" tabindex=\"0\" aria-label=\"Share on twitter\">\n\t\t\t\t\t\t\t\t\t\t\t\t\t\t\t<span class=\"elementor-share-btn__icon\">\n\t\t\t\t\t\t\t\t<i class=\"fab fa-twitter\" aria-hidden=\"true\"><\/i>\t\t\t\t\t\t\t<\/span>\n\t\t\t\t\t\t\t\t\t\t\t\t\t\t\t\t\t\t\t\t\t\t<div class=\"elementor-share-btn__text\">\n\t\t\t\t\t\t\t\t\t\t\t\t\t\t\t\t\t\t\t<span class=\"elementor-share-btn__title\">\n\t\t\t\t\t\t\t\t\t\tTwitter\t\t\t\t\t\t\t\t\t<\/span>\n\t\t\t\t\t\t\t\t\t\t\t\t\t\t\t\t\t<\/div>\n\t\t\t\t\t\t\t\t\t\t\t\t\t<\/div>\n\t\t\t\t\t<\/div>\n\t\t\t\t\t\t\t\t\t<div class=\"elementor-grid-item\" role=\"listitem\">\n\t\t\t\t\t\t<div class=\"elementor-share-btn elementor-share-btn_linkedin\" role=\"button\" tabindex=\"0\" aria-label=\"Share on linkedin\">\n\t\t\t\t\t\t\t\t\t\t\t\t\t\t\t<span class=\"elementor-share-btn__icon\">\n\t\t\t\t\t\t\t\t<i class=\"fab fa-linkedin\" aria-hidden=\"true\"><\/i>\t\t\t\t\t\t\t<\/span>\n\t\t\t\t\t\t\t\t\t\t\t\t\t\t\t\t\t\t\t\t\t\t<div class=\"elementor-share-btn__text\">\n\t\t\t\t\t\t\t\t\t\t\t\t\t\t\t\t\t\t\t<span class=\"elementor-share-btn__title\">\n\t\t\t\t\t\t\t\t\t\tLinkedIn\t\t\t\t\t\t\t\t\t<\/span>\n\t\t\t\t\t\t\t\t\t\t\t\t\t\t\t\t\t<\/div>\n\t\t\t\t\t\t\t\t\t\t\t\t\t<\/div>\n\t\t\t\t\t<\/div>\n\t\t\t\t\t\t<\/div>\n\t\t\t\t\t\t<\/div>\n\t\t\t\t<\/div>\n\t\t\t\t\t<\/div>\n\t\t<\/div>\n\t\t\t\t\t<\/div>\n\t\t<\/section>\n\t\t\t\t<section class=\"elementor-section elementor-top-section elementor-element elementor-element-47f48ef4 elementor-section-boxed elementor-section-height-default elementor-section-height-default\" data-id=\"47f48ef4\" data-element_type=\"section\" data-e-type=\"section\">\n\t\t\t\t\t\t<div class=\"elementor-container elementor-column-gap-default\">\n\t\t\t\t\t<div class=\"elementor-column elementor-col-100 elementor-top-column elementor-element elementor-element-4a58085\" data-id=\"4a58085\" data-element_type=\"column\" data-e-type=\"column\">\n\t\t\t<div class=\"elementor-widget-wrap elementor-element-populated\">\n\t\t\t\t\t\t<div class=\"elementor-element elementor-element-2058da6 elementor-widget elementor-widget-text-editor\" data-id=\"2058da6\" data-element_type=\"widget\" data-e-type=\"widget\" data-widget_type=\"text-editor.default\">\n\t\t\t\t<div class=\"elementor-widget-container\">\n\t\t\t\t\t\t\t\t\t<p><strong><em>Congebec d\u00e9bute l\u2019op\u00e9ration de son nouveau cong\u00e9lateur sur la Rive-Nord de Montr\u00e9al, une infrastructure cruciale dans le d\u00e9veloppement de l\u2019industrie alimentaire locale et annonce un support impressionnant pour les r\u00e9seaux d\u2019aide alimentaire.<\/em><\/strong><\/p>\n<p><\/p><p><strong>Mascouche, le 18&nbsp;septembre 2023<\/strong> \u2013 \u00c0 l\u2019aube de son 50<sup>e<\/sup>&nbsp;anniversaire qu\u2019il c\u00e9l\u00e9brera en 2024, Congebec ouvre les portes de son nouveau cong\u00e9lateur industriel d\u2019un peu plus de 9M&nbsp;pi<sup>3<\/sup> \u00e0 Mascouche, un premier investissement par la compagnie qu\u00e9b\u00e9coise dans la Belle Province depuis 10&nbsp;ans. Cette nouvelle construction accro\u00eet son offre de services de logistique alimentaire au Qu\u00e9bec et positionne l\u2019entreprise strat\u00e9giquement sur la Rive-Nord de Montr\u00e9al. C\u2019est un pas de g\u00e9ant pour encourager l\u2019autonomie alimentaire du Qu\u00e9bec.<\/p>\n<p>Ce projet unique a \u00e9t\u00e9 d\u00e9velopp\u00e9 main dans la main avec Rosefellow et Skyline, des partenaires de choix pour le mener \u00e0 terme en plein contexte pand\u00e9mique. M.&nbsp;Jean-Fran\u00e7ois Vall\u00e9e, vice-pr\u00e9sident ing\u00e9nierie chez Congebec explique les particularit\u00e9s de cette construction&nbsp;: \u00ab\u2009Ce cong\u00e9lateur immense est \u00e0 la fine pointe de la technologie&nbsp;: dot\u00e9 d\u2019automatisation, d\u2019une enveloppe thermique du b\u00e2timent extr\u00eamement efficace et d\u2019un syst\u00e8me de r\u00e9frig\u00e9ration au CO<sub>2<\/sub>, c\u2019est une merveille qu\u00e9b\u00e9coise dont on peut \u00eatre fiers, unique au Canada et qui repousse m\u00eame les innovations nord-am\u00e9ricaines\u2009\u00bb.<\/p>\n<p><\/p>\n<p>Dans le cadre de la c\u00e9r\u00e9monie d\u2019ouverture officielle du 18&nbsp;septembre, le pr\u00e9sident et chef de la direction de Congebec, M.&nbsp;Nicholas-P. Pedneault, a annonc\u00e9 le d\u00e9ploiement d\u2019un programme de dons structur\u00e9 pr\u00e9par\u00e9 conjointement avec le r\u00e9seau des Banques alimentaires du Qu\u00e9bec&nbsp;: \u00ab\u2009Nous voulons faciliter le transit des dons alimentaires de notre client\u00e8le vers les r\u00e9seaux de soutien \u00e0 la population qu\u00e9b\u00e9coise en offrant et en assurant de l\u2019espace d\u2019entreposage \u00e0 temp\u00e9rature contr\u00f4l\u00e9e et des services logistiques aux organismes d\u2019assistance alimentaire\u2009\u00bb. Cette initiative sera aussi d\u00e9ploy\u00e9e dans les autres provinces canadiennes o\u00f9 op\u00e8re Congebec.<\/p>\n<p>Congebec pr\u00eate main forte aux r\u00e9seaux d\u2019aide alimentaire depuis 2003, une contribution qui s\u2019\u00e9l\u00e8ve \u00e0 pr\u00e8s de 2M de KG de denr\u00e9es depuis 2020. M.&nbsp;Martin Munger, directeur g\u00e9n\u00e9ral aux Banques alimentaires du Qu\u00e9bec raconte&nbsp;: \u00ab\u2009Congebec est notre partenaire de longue date qui, avec ce projet, montre le r\u00f4le cl\u00e9 qu\u2019il joue pour la s\u00e9curit\u00e9 alimentaire du Qu\u00e9bec. Le nouveau programme que nous annon\u00e7ons aujourd\u2019hui permettra de mieux nourrir les centaines de milliers de Qu\u00e9b\u00e9cois qui en ont le plus besoin tout en r\u00e9duisant le gaspillage alimentaire. Merci \u00e0 Nicholas et \u00e0 toute l\u2019\u00e9quipe pour leur vision d\u2019avenir et leur d\u00e9vouement \u00e0 leur communaut\u00e9.\u2009\u00bb<\/p>\n<p>D\u00e8s maintenant, Congebec s\u2019engage \u00e0 accro\u00eetre sa contribution en espace d\u2019entreposage \u00e0 500\u2009000 KG de denr\u00e9es congel\u00e9es dans ses \u00e9tablissements du Qu\u00e9bec, et ce mensuellement. C\u2019est l\u2019\u00e9quivalent de 6M de KG de denr\u00e9es par ann\u00e9e, soit une augmentation de la contribution actuelle de l\u2019entreprise d\u2019environ 700\u2009000&nbsp;repas \u00e0 la population. De plus, les services de logistique alimentaire et de montage de commandes pour les organismes satellites feront partie de l\u2019offre de Congebec. \u00ab\u2009Pour nous, c\u2019est une \u00e9vidence qu\u2019avec notre expertise en cong\u00e9lation, on doit soutenir le r\u00e9seau d\u2019aide alimentaire pour conserver les aliments et permettre leur distribution de fa\u00e7on optimale\u2009\u00bb, mentionne Nicholas-P. Pedneault.<\/p>\n<p>Autre apport notoire au projet&nbsp;: le coup de pouce financier de Recyc-Qu\u00e9bec aux Banques alimentaires du Qu\u00e9bec, a permis de d\u00e9ployer un projet d\u2019innovation technologique pour cr\u00e9er un pont informatique entre les deux partenaires. Cela permettra une meilleure gestion des mouvements logistiques des denr\u00e9es \u00e0 travers le r\u00e9seau des Banques alimentaires du Qu\u00e9bec.<\/p>\n<p><strong>\u00c0 propos de Congebec<\/strong><\/p>\n<p><a href=\"https:\/\/congebec.com\/\">Congebec<\/a> est une entreprise \u00e0 port\u00e9e nationale fond\u00e9e \u00e0 Qu\u00e9bec qui op\u00e8re dans 5&nbsp;provinces canadiennes. Ses 12&nbsp;installations \u00e9co\u00e9nerg\u00e9tiques permettent entre autres aux producteurs d\u2019ici de se procurer des services de cong\u00e9lation et de transformation alimentaire en plus d\u2019une solution logistique compl\u00e8te. Congebec est un employeur transparent ayant \u00e0 c\u0153ur le bien-\u00eatre, les opportunit\u00e9s de d\u00e9veloppement et la reconnaissance du travail effectu\u00e9 par ses employ\u00e9s. Congebec encourage le d\u00e9veloppement des march\u00e9s locaux et l\u2019autonomie alimentaire gr\u00e2ce \u00e0 l\u2019expertise solide de ses employ\u00e9s qui sont au centre du succ\u00e8s de l\u2019entreprise.<\/p>\n<p><strong>&nbsp;<\/strong><strong style=\"color: var( --e-global-color-text ); font-size: 1em;\">\u00c0 propos de Rosefellow<\/strong><\/p>\n<p>Fond\u00e9e par deux anciens comp\u00e9titeurs du secteur de l\u2019immobilier montr\u00e9alais devenus amis puis alli\u00e9s dans un projet d\u2019affaires commun, Rosefellow est l\u2019une des principales firmes de d\u00e9veloppement et de gestion immobili\u00e8re dans la m\u00e9tropole. Elle con\u00e7oit, construit et administre des immeubles r\u00e9sidentiels et industriels, repoussant les limites de l\u2019innovation durable \u00e0 toute occasion. On lui doit notamment la r\u00e9alisation r\u00e9cente du projet r\u00e9sidentiel locatif le <a href=\"https:\/\/le111.ca\/\">Cent-Onze<\/a>, \u00e0 Saint-Laurent, <a href=\"https:\/\/can01.safelinks.protection.outlook.com\/?url=https%3A%2F%2Fnoveliamtl.ca%2Fen%2F&amp;data=05%7C01%7Cclambert%40congebec.com%7C81b24f46e2934c7bdcdf08dba81a07f2%7C6739cf837fb346788e4b272eb3fc8cf1%7C0%7C0%7C638288602005971526%7CUnknown%7CTWFpbGZsb3d8eyJWIjoiMC4wLjAwMDAiLCJQIjoiV2luMzIiLCJBTiI6Ik1haWwiLCJXVCI6Mn0%3D%7C3000%7C%7C%7C&amp;sdata=zokwWU4L3mX4lsy0jO2oEBVlUKQAMUeeMp81S8HAgak%3D&amp;reserved=0\">Novelia&nbsp;<\/a>\u00e0 ville d\u2019Anjou ainsi que plusieurs \u00e9difices industriels dans la r\u00e9gion de Montr\u00e9al et en Ontario.<\/p>\n<p><strong>\u00c0 propos de Skyline Industrial REIT<\/strong><\/p>\n<p><a href=\"http:\/\/skylinecommercialreit.ca\/\">Skyline Industrial REIT<\/a> (la \u00ab\u2009REIT\u2009\u00bb) est un portefeuille de propri\u00e9t\u00e9s commerciales d\u00e9tenues et g\u00e9r\u00e9es par une soci\u00e9t\u00e9 priv\u00e9e, qui se concentre sur l\u2019acquisition de propri\u00e9t\u00e9s industrielles et logistiques le long des principaux couloirs autoroutiers et voies de transport au Canada. Skyline Industrial REIT est distribu\u00e9 en tant que produit d\u2019investissement alternatif par Skyline Wealth Management Inc. (\u00ab\u2009Skyline Wealth\u2009\u00bb), le courtier privil\u00e9gi\u00e9 du march\u00e9 dispens\u00e9 pour la fiducie. Skyline Industrial REIT s\u2019engage \u00e0 fournir des lieux d\u2019affaires exceptionnels et un service de qualit\u00e9 sup\u00e9rieure \u00e0 ses locataires, tout en cr\u00e9ant de la valeur dans le but d\u2019offrir des rendements stables \u00e0 ses investisseurs.<\/p>\n<p><strong>\u00c0 propos des Banques alimentaires du Qu\u00e9bec<\/strong><\/p>\n<p>Le r\u00e9seau des Banques alimentaires du Qu\u00e9bec (BAQ) est pr\u00e9sent partout au Qu\u00e9bec avec ses 32&nbsp;membres r\u00e9gionaux, souvent appel\u00e9s Moisson. Ceux-ci assurent un approvisionnement en denr\u00e9es nutritives \u00e0 1\u2009200&nbsp;organismes communautaires qui offrent de l\u2019aide alimentaire \u00e0 plus de 670\u2009000&nbsp;personnes chaque mois. Depuis 1988, BAQ permet la mise en commun de ressources et d\u2019expertises afin de contrer l\u2019ins\u00e9curit\u00e9 alimentaire et soulager la faim chez les populations vuln\u00e9rables.<\/p>\n<p>\u2013 30 \u2013<\/p>\n<p><strong>Information pour les journalistes seulement&nbsp;:<\/strong><\/p>\n<p>Catherine Lambert<br>Strat\u00e8ge marque employeur, communications et affaires gouvernementales<br>418-683-3491 poste 1108<br><a href=\"mailto:clambert@congebec.com\" target=\"_blank\" rel=\"noopener\">clambert@congebec.com<\/a><\/p>\t\t\t\t\t\t\t\t<\/div>\n\t\t\t\t<\/div>\n\t\t\t\t\t<\/div>\n\t\t<\/div>\n\t\t\t\t\t<\/div>\n\t\t<\/section>\n\t\t\t\t<section class=\"elementor-section elementor-top-section elementor-element elementor-element-6f48e195 ignore-toc elementor-section-boxed elementor-section-height-default elementor-section-height-default\" data-id=\"6f48e195\" data-element_type=\"section\" data-e-type=\"section\">\n\t\t\t\t\t\t<div class=\"elementor-container elementor-column-gap-default\">\n\t\t\t\t\t<div class=\"elementor-column elementor-col-100 elementor-top-column elementor-element elementor-element-57f579fd\" data-id=\"57f579fd\" data-element_type=\"column\" data-e-type=\"column\">\n\t\t\t<div class=\"elementor-widget-wrap elementor-element-populated\">\n\t\t\t\t\t\t<div class=\"elementor-element elementor-element-731ae16d elementor-widget-divider--view-line_text elementor-widget-divider--element-align-right elementor-widget elementor-widget-divider\" data-id=\"731ae16d\" data-element_type=\"widget\" data-e-type=\"widget\" data-widget_type=\"divider.default\">\n\t\t\t\t<div class=\"elementor-widget-container\">\n\t\t\t\t\t\t\t<div class=\"elementor-divider\">\n\t\t\t<span class=\"elementor-divider-separator\">\n\t\t\t\t\t\t\t<span class=\"elementor-divider__text elementor-divider__element\">\n\t\t\t\tOn key\t\t\t\t<\/span>\n\t\t\t\t\t\t<\/span>\n\t\t<\/div>\n\t\t\t\t\t\t<\/div>\n\t\t\t\t<\/div>\n\t\t\t\t<div class=\"elementor-element elementor-element-1a9337ee elementor-widget elementor-widget-heading\" data-id=\"1a9337ee\" data-element_type=\"widget\" data-e-type=\"widget\" data-widget_type=\"heading.default\">\n\t\t\t\t<div class=\"elementor-widget-container\">\n\t\t\t\t\t<h2 class=\"elementor-heading-title elementor-size-default\">More articles<\/h2>\t\t\t\t<\/div>\n\t\t\t\t<\/div>\n\t\t\t\t<div class=\"elementor-element elementor-element-1274417a elementor-grid-4 elementor-grid-tablet-2 elementor-grid-mobile-1 elementor-posts--thumbnail-top elementor-widget elementor-widget-posts\" data-id=\"1274417a\" data-element_type=\"widget\" data-e-type=\"widget\" data-settings=\"{&quot;classic_columns&quot;:&quot;4&quot;,&quot;classic_columns_tablet&quot;:&quot;2&quot;,&quot;classic_columns_mobile&quot;:&quot;1&quot;,&quot;classic_row_gap&quot;:{&quot;unit&quot;:&quot;px&quot;,&quot;size&quot;:35,&quot;sizes&quot;:[]},&quot;classic_row_gap_tablet&quot;:{&quot;unit&quot;:&quot;px&quot;,&quot;size&quot;:&quot;&quot;,&quot;sizes&quot;:[]},&quot;classic_row_gap_mobile&quot;:{&quot;unit&quot;:&quot;px&quot;,&quot;size&quot;:&quot;&quot;,&quot;sizes&quot;:[]}}\" data-widget_type=\"posts.classic\">\n\t\t\t\t<div class=\"elementor-widget-container\">\n\t\t\t\t\t\t\t<div class=\"elementor-posts-container elementor-posts elementor-posts--skin-classic elementor-grid\" role=\"list\">\n\t\t\t\t<article class=\"elementor-post elementor-grid-item post-31554 post type-post status-publish format-standard has-post-thumbnail hentry category-accueil-fr category-interne\" role=\"listitem\">\n\t\t\t\t<a class=\"elementor-post__thumbnail__link\" href=\"https:\/\/congebec.com\/en\/congebec-appoints-tim-ludwig-as-chief-commercial-officer\/\" tabindex=\"-1\" >\n\t\t\t<div class=\"elementor-post__thumbnail\"><img decoding=\"async\" width=\"1901\" height=\"602\" src=\"https:\/\/congebec.com\/wp-content\/uploads\/2025\/11\/TIM-LUDWIG-Banner.png\" class=\"attachment-full size-full wp-image-31636\" alt=\"\" srcset=\"https:\/\/congebec.com\/wp-content\/uploads\/2025\/11\/TIM-LUDWIG-Banner.png 1901w, https:\/\/congebec.com\/wp-content\/uploads\/2025\/11\/TIM-LUDWIG-Banner-300x95.png 300w, https:\/\/congebec.com\/wp-content\/uploads\/2025\/11\/TIM-LUDWIG-Banner-1024x324.png 1024w, https:\/\/congebec.com\/wp-content\/uploads\/2025\/11\/TIM-LUDWIG-Banner-150x48.png 150w, https:\/\/congebec.com\/wp-content\/uploads\/2025\/11\/TIM-LUDWIG-Banner-768x243.png 768w, https:\/\/congebec.com\/wp-content\/uploads\/2025\/11\/TIM-LUDWIG-Banner-1536x486.png 1536w, https:\/\/congebec.com\/wp-content\/uploads\/2025\/11\/TIM-LUDWIG-Banner-1800x570.png 1800w, https:\/\/congebec.com\/wp-content\/uploads\/2025\/11\/TIM-LUDWIG-Banner-960x304.png 960w\" sizes=\"(max-width: 1901px) 100vw, 1901px\" \/><\/div>\n\t\t<\/a>\n\t\t\t\t<div class=\"elementor-post__text\">\n\t\t\t\t<h3 class=\"elementor-post__title\">\n\t\t\t<a href=\"https:\/\/congebec.com\/en\/congebec-appoints-tim-ludwig-as-chief-commercial-officer\/\" >\n\t\t\t\tCongebec Appoints Tim Ludwig as Chief Commercial Officer\t\t\t<\/a>\n\t\t<\/h3>\n\t\t\t\t<div class=\"elementor-post__excerpt\">\n\t\t\t<p>Congebec is proud to announce the appointment of Tim Ludwig as Chief Commercial Officer.<\/p>\n\t\t<\/div>\n\t\t\n\t\t<a class=\"elementor-post__read-more\" href=\"https:\/\/congebec.com\/en\/congebec-appoints-tim-ludwig-as-chief-commercial-officer\/\" aria-label=\"Read more about Congebec Appoints Tim Ludwig as Chief Commercial Officer\" tabindex=\"-1\" >\n\t\t\tRead more \u00bb\t\t<\/a>\n\n\t\t\t\t<\/div>\n\t\t\t\t<\/article>\n\t\t\t\t<article class=\"elementor-post elementor-grid-item post-31681 post type-post status-publish format-standard has-post-thumbnail hentry category-uncategorized\" role=\"listitem\">\n\t\t\t\t<a class=\"elementor-post__thumbnail__link\" href=\"https:\/\/congebec.com\/en\/congebec-cn-plan-calgary-railyard-cold-storage-facility\/\" tabindex=\"-1\" >\n\t\t\t<div class=\"elementor-post__thumbnail\"><img decoding=\"async\" width=\"1901\" height=\"602\" src=\"https:\/\/congebec.com\/wp-content\/uploads\/2025\/10\/RICHARD-PATENAUDE-Banner.png\" class=\"attachment-full size-full wp-image-31669\" alt=\"\" srcset=\"https:\/\/congebec.com\/wp-content\/uploads\/2025\/10\/RICHARD-PATENAUDE-Banner.png 1901w, https:\/\/congebec.com\/wp-content\/uploads\/2025\/10\/RICHARD-PATENAUDE-Banner-300x95.png 300w, https:\/\/congebec.com\/wp-content\/uploads\/2025\/10\/RICHARD-PATENAUDE-Banner-1024x324.png 1024w, https:\/\/congebec.com\/wp-content\/uploads\/2025\/10\/RICHARD-PATENAUDE-Banner-150x48.png 150w, https:\/\/congebec.com\/wp-content\/uploads\/2025\/10\/RICHARD-PATENAUDE-Banner-768x243.png 768w, https:\/\/congebec.com\/wp-content\/uploads\/2025\/10\/RICHARD-PATENAUDE-Banner-1536x486.png 1536w, https:\/\/congebec.com\/wp-content\/uploads\/2025\/10\/RICHARD-PATENAUDE-Banner-1800x570.png 1800w, https:\/\/congebec.com\/wp-content\/uploads\/2025\/10\/RICHARD-PATENAUDE-Banner-960x304.png 960w\" sizes=\"(max-width: 1901px) 100vw, 1901px\" \/><\/div>\n\t\t<\/a>\n\t\t\t\t<div class=\"elementor-post__text\">\n\t\t\t\t<h3 class=\"elementor-post__title\">\n\t\t\t<a href=\"https:\/\/congebec.com\/en\/congebec-cn-plan-calgary-railyard-cold-storage-facility\/\" >\n\t\t\t\tCongebec, CN plan Calgary railyard cold-storage facility\t\t\t<\/a>\n\t\t<\/h3>\n\t\t\t\t<div class=\"elementor-post__excerpt\">\n\t\t\t<p>Congebec, a Quebec-based cold chain logistics company, has announced plans to develop a new state-of-the art cold storage distribution facility in Rocky View County just outside Calgary.<\/p>\n\t\t<\/div>\n\t\t\n\t\t<a class=\"elementor-post__read-more\" href=\"https:\/\/congebec.com\/en\/congebec-cn-plan-calgary-railyard-cold-storage-facility\/\" aria-label=\"Read more about Congebec, CN plan Calgary railyard cold-storage facility\" tabindex=\"-1\" >\n\t\t\tRead more \u00bb\t\t<\/a>\n\n\t\t\t\t<\/div>\n\t\t\t\t<\/article>\n\t\t\t\t<article class=\"elementor-post elementor-grid-item post-31507 post type-post status-publish format-standard has-post-thumbnail hentry category-accueil-fr category-interne\" role=\"listitem\">\n\t\t\t\t<a class=\"elementor-post__thumbnail__link\" href=\"https:\/\/congebec.com\/en\/cn-and-congebec-to-expand-cold-chain-logistics-across-north-america\/\" tabindex=\"-1\" >\n\t\t\t<div class=\"elementor-post__thumbnail\"><img loading=\"lazy\" decoding=\"async\" width=\"1901\" height=\"602\" src=\"https:\/\/congebec.com\/wp-content\/uploads\/2025\/10\/CN-Banniere-Article-1.png\" class=\"attachment-full size-full wp-image-31588\" alt=\"\" srcset=\"https:\/\/congebec.com\/wp-content\/uploads\/2025\/10\/CN-Banniere-Article-1.png 1901w, https:\/\/congebec.com\/wp-content\/uploads\/2025\/10\/CN-Banniere-Article-1-300x95.png 300w, https:\/\/congebec.com\/wp-content\/uploads\/2025\/10\/CN-Banniere-Article-1-1024x324.png 1024w, https:\/\/congebec.com\/wp-content\/uploads\/2025\/10\/CN-Banniere-Article-1-150x48.png 150w, https:\/\/congebec.com\/wp-content\/uploads\/2025\/10\/CN-Banniere-Article-1-768x243.png 768w, https:\/\/congebec.com\/wp-content\/uploads\/2025\/10\/CN-Banniere-Article-1-1536x486.png 1536w, https:\/\/congebec.com\/wp-content\/uploads\/2025\/10\/CN-Banniere-Article-1-1800x570.png 1800w, https:\/\/congebec.com\/wp-content\/uploads\/2025\/10\/CN-Banniere-Article-1-960x304.png 960w\" sizes=\"(max-width: 1901px) 100vw, 1901px\" \/><\/div>\n\t\t<\/a>\n\t\t\t\t<div class=\"elementor-post__text\">\n\t\t\t\t<h3 class=\"elementor-post__title\">\n\t\t\t<a href=\"https:\/\/congebec.com\/en\/cn-and-congebec-to-expand-cold-chain-logistics-across-north-america\/\" >\n\t\t\t\tCN and Congebec to Expand Cold Chain Logistics Across North America\t\t\t<\/a>\n\t\t<\/h3>\n\t\t\t\t<div class=\"elementor-post__excerpt\">\n\t\t\t<p>CN (TSX: CNR) (NYSE: CNI) and Congebec announced today that they are collaborating on the construction of a state-of-the-art refrigerated warehouse at CN\u2019s logistics park in Calgary, Alberta.<\/p>\n\t\t<\/div>\n\t\t\n\t\t<a class=\"elementor-post__read-more\" href=\"https:\/\/congebec.com\/en\/cn-and-congebec-to-expand-cold-chain-logistics-across-north-america\/\" aria-label=\"Read more about CN and Congebec to Expand Cold Chain Logistics Across North America\" tabindex=\"-1\" >\n\t\t\tRead more \u00bb\t\t<\/a>\n\n\t\t\t\t<\/div>\n\t\t\t\t<\/article>\n\t\t\t\t<article class=\"elementor-post elementor-grid-item post-30843 post type-post status-publish format-standard has-post-thumbnail hentry category-accueil-en category-interne-en\" role=\"listitem\">\n\t\t\t\t<a class=\"elementor-post__thumbnail__link\" href=\"https:\/\/congebec.com\/en\/the-canadian-cold-storage-specialist-french\/\" tabindex=\"-1\" >\n\t\t\t<div class=\"elementor-post__thumbnail\"><img loading=\"lazy\" decoding=\"async\" width=\"1901\" height=\"602\" src=\"https:\/\/congebec.com\/wp-content\/uploads\/2025\/05\/Photo-Article-pour-site-Web-La-Presse.png\" class=\"attachment-full size-full wp-image-30793\" alt=\"\" srcset=\"https:\/\/congebec.com\/wp-content\/uploads\/2025\/05\/Photo-Article-pour-site-Web-La-Presse.png 1901w, https:\/\/congebec.com\/wp-content\/uploads\/2025\/05\/Photo-Article-pour-site-Web-La-Presse-300x95.png 300w, https:\/\/congebec.com\/wp-content\/uploads\/2025\/05\/Photo-Article-pour-site-Web-La-Presse-1024x324.png 1024w, https:\/\/congebec.com\/wp-content\/uploads\/2025\/05\/Photo-Article-pour-site-Web-La-Presse-150x48.png 150w, https:\/\/congebec.com\/wp-content\/uploads\/2025\/05\/Photo-Article-pour-site-Web-La-Presse-768x243.png 768w, https:\/\/congebec.com\/wp-content\/uploads\/2025\/05\/Photo-Article-pour-site-Web-La-Presse-1536x486.png 1536w, https:\/\/congebec.com\/wp-content\/uploads\/2025\/05\/Photo-Article-pour-site-Web-La-Presse-1800x570.png 1800w, https:\/\/congebec.com\/wp-content\/uploads\/2025\/05\/Photo-Article-pour-site-Web-La-Presse-960x304.png 960w\" sizes=\"(max-width: 1901px) 100vw, 1901px\" \/><\/div>\n\t\t<\/a>\n\t\t\t\t<div class=\"elementor-post__text\">\n\t\t\t\t<h3 class=\"elementor-post__title\">\n\t\t\t<a href=\"https:\/\/congebec.com\/en\/the-canadian-cold-storage-specialist-french\/\" >\n\t\t\t\tThe Canadian Cold Storage Specialist (French)\t\t\t<\/a>\n\t\t<\/h3>\n\t\t\t\t<div class=\"elementor-post__excerpt\">\n\t\t\t<p>Congebec, based in Quebec City, has expanded its industrial footprint across the country and strengthened Canada&#8217;s food sovereignty. (French)<\/p>\n\t\t<\/div>\n\t\t\n\t\t<a class=\"elementor-post__read-more\" href=\"https:\/\/congebec.com\/en\/the-canadian-cold-storage-specialist-french\/\" aria-label=\"Read more about The Canadian Cold Storage Specialist (French)\" tabindex=\"-1\" >\n\t\t\tRead more \u00bb\t\t<\/a>\n\n\t\t\t\t<\/div>\n\t\t\t\t<\/article>\n\t\t\t\t<\/div>\n\t\t\n\t\t\t\t\t\t<\/div>\n\t\t\t\t<\/div>\n\t\t\t\t\t<\/div>\n\t\t<\/div>\n\t\t\t\t\t<\/div>\n\t\t<\/section>\n\t\t\t\t<\/div>\n\t\t","protected":false},"excerpt":{"rendered":"<p>Congebec begins operation of its new freezer on Montreal&#8217;s North Shore, a crucial infrastructure in the development of the local food industry, and announces impressive support for food aid networks. (Article in French)<\/p>\n","protected":false},"author":2,"featured_media":19083,"comment_status":"closed","ping_status":"closed","sticky":false,"template":"","format":"standard","meta":{"_acf_changed":false,"_monsterinsights_skip_tracking":false,"_monsterinsights_sitenote_active":false,"_monsterinsights_sitenote_note":"","_monsterinsights_sitenote_category":0,"footnotes":""},"categories":[285,287],"tags":[],"class_list":["post-19042","post","type-post","status-publish","format-standard","has-post-thumbnail","hentry","category-accueil-en","category-interne-en"],"acf":[],"yoast_head":"<!-- This site is optimized with the Yoast SEO plugin v27.4 - https:\/\/yoast.com\/product\/yoast-seo-wordpress\/ -->\n<title>Congebec, Rosefellow et Skyline d\u00e9voilent leur projet de construction \u00e0 Mascouche (French) - Congebec<\/title>\n<meta name=\"robots\" content=\"index, follow, max-snippet:-1, max-image-preview:large, max-video-preview:-1\" \/>\n<link rel=\"canonical\" href=\"https:\/\/congebec.com\/en\/press-release-mascouche\/\" \/>\n<meta property=\"og:locale\" content=\"en_US\" \/>\n<meta property=\"og:type\" content=\"article\" \/>\n<meta property=\"og:title\" content=\"Congebec, Rosefellow et Skyline d\u00e9voilent leur projet de construction \u00e0 Mascouche (French) - Congebec\" \/>\n<meta property=\"og:description\" content=\"Congebec begins operation of its new freezer on Montreal&#039;s North Shore, a crucial infrastructure in the development of the local food industry, and announces impressive support for food aid networks. (Article in French)\" \/>\n<meta property=\"og:url\" content=\"https:\/\/congebec.com\/en\/press-release-mascouche\/\" \/>\n<meta property=\"og:site_name\" content=\"Congebec\" \/>\n<meta property=\"article:publisher\" content=\"https:\/\/www.facebook.com\/congebec\/\" \/>\n<meta property=\"article:published_time\" content=\"2023-09-18T19:30:47+00:00\" \/>\n<meta property=\"article:modified_time\" content=\"2023-09-19T14:35:28+00:00\" \/>\n<meta property=\"og:image\" content=\"https:\/\/congebec.com\/wp-content\/uploads\/2023\/09\/SITE-WEB-Coupure-du-ruban-1.png\" \/>\n\t<meta property=\"og:image:width\" content=\"1901\" \/>\n\t<meta property=\"og:image:height\" content=\"602\" \/>\n\t<meta property=\"og:image:type\" content=\"image\/png\" \/>\n<meta name=\"author\" content=\"Danielle Cantin\" \/>\n<meta name=\"twitter:card\" content=\"summary_large_image\" \/>\n<meta name=\"twitter:label1\" content=\"Written by\" \/>\n\t<meta name=\"twitter:data1\" content=\"Danielle Cantin\" \/>\n\t<meta name=\"twitter:label2\" content=\"Est. reading time\" \/>\n\t<meta name=\"twitter:data2\" content=\"5 minutes\" \/>\n<script type=\"application\/ld+json\" class=\"yoast-schema-graph\">{\"@context\":\"https:\\\/\\\/schema.org\",\"@graph\":[{\"@type\":\"Article\",\"@id\":\"https:\\\/\\\/congebec.com\\\/en\\\/press-release-mascouche\\\/#article\",\"isPartOf\":{\"@id\":\"https:\\\/\\\/congebec.com\\\/en\\\/press-release-mascouche\\\/\"},\"author\":{\"name\":\"Danielle Cantin\",\"@id\":\"https:\\\/\\\/congebec.com\\\/#\\\/schema\\\/person\\\/3a4ba1e4813672c40bfb9bc0965f1654\"},\"headline\":\"Congebec, Rosefellow et Skyline d\u00e9voilent leur projet de construction \u00e0 Mascouche (French)\",\"datePublished\":\"2023-09-18T19:30:47+00:00\",\"dateModified\":\"2023-09-19T14:35:28+00:00\",\"mainEntityOfPage\":{\"@id\":\"https:\\\/\\\/congebec.com\\\/en\\\/press-release-mascouche\\\/\"},\"wordCount\":1106,\"publisher\":{\"@id\":\"https:\\\/\\\/congebec.com\\\/#organization\"},\"image\":{\"@id\":\"https:\\\/\\\/congebec.com\\\/en\\\/press-release-mascouche\\\/#primaryimage\"},\"thumbnailUrl\":\"https:\\\/\\\/congebec.com\\\/wp-content\\\/uploads\\\/2023\\\/09\\\/SITE-WEB-Coupure-du-ruban-1.png\",\"articleSection\":[\"Accueil - EN\",\"Interne - EN\"],\"inLanguage\":\"en-US\"},{\"@type\":\"WebPage\",\"@id\":\"https:\\\/\\\/congebec.com\\\/en\\\/press-release-mascouche\\\/\",\"url\":\"https:\\\/\\\/congebec.com\\\/en\\\/press-release-mascouche\\\/\",\"name\":\"Congebec, Rosefellow et Skyline d\u00e9voilent leur projet de construction \u00e0 Mascouche (French) - Congebec\",\"isPartOf\":{\"@id\":\"https:\\\/\\\/congebec.com\\\/#website\"},\"primaryImageOfPage\":{\"@id\":\"https:\\\/\\\/congebec.com\\\/en\\\/press-release-mascouche\\\/#primaryimage\"},\"image\":{\"@id\":\"https:\\\/\\\/congebec.com\\\/en\\\/press-release-mascouche\\\/#primaryimage\"},\"thumbnailUrl\":\"https:\\\/\\\/congebec.com\\\/wp-content\\\/uploads\\\/2023\\\/09\\\/SITE-WEB-Coupure-du-ruban-1.png\",\"datePublished\":\"2023-09-18T19:30:47+00:00\",\"dateModified\":\"2023-09-19T14:35:28+00:00\",\"breadcrumb\":{\"@id\":\"https:\\\/\\\/congebec.com\\\/en\\\/press-release-mascouche\\\/#breadcrumb\"},\"inLanguage\":\"en-US\",\"potentialAction\":[{\"@type\":\"ReadAction\",\"target\":[\"https:\\\/\\\/congebec.com\\\/en\\\/press-release-mascouche\\\/\"]}]},{\"@type\":\"ImageObject\",\"inLanguage\":\"en-US\",\"@id\":\"https:\\\/\\\/congebec.com\\\/en\\\/press-release-mascouche\\\/#primaryimage\",\"url\":\"https:\\\/\\\/congebec.com\\\/wp-content\\\/uploads\\\/2023\\\/09\\\/SITE-WEB-Coupure-du-ruban-1.png\",\"contentUrl\":\"https:\\\/\\\/congebec.com\\\/wp-content\\\/uploads\\\/2023\\\/09\\\/SITE-WEB-Coupure-du-ruban-1.png\",\"width\":1901,\"height\":602},{\"@type\":\"BreadcrumbList\",\"@id\":\"https:\\\/\\\/congebec.com\\\/en\\\/press-release-mascouche\\\/#breadcrumb\",\"itemListElement\":[{\"@type\":\"ListItem\",\"position\":1,\"name\":\"Accueil\",\"item\":\"https:\\\/\\\/congebec.com\\\/\"},{\"@type\":\"ListItem\",\"position\":2,\"name\":\"Congebec, Rosefellow et Skyline d\u00e9voilent leur projet de construction \u00e0 Mascouche (French)\"}]},{\"@type\":\"WebSite\",\"@id\":\"https:\\\/\\\/congebec.com\\\/#website\",\"url\":\"https:\\\/\\\/congebec.com\\\/\",\"name\":\"Congebec\",\"description\":\"\",\"publisher\":{\"@id\":\"https:\\\/\\\/congebec.com\\\/#organization\"},\"potentialAction\":[{\"@type\":\"SearchAction\",\"target\":{\"@type\":\"EntryPoint\",\"urlTemplate\":\"https:\\\/\\\/congebec.com\\\/?s={search_term_string}\"},\"query-input\":{\"@type\":\"PropertyValueSpecification\",\"valueRequired\":true,\"valueName\":\"search_term_string\"}}],\"inLanguage\":\"en-US\"},{\"@type\":\"Organization\",\"@id\":\"https:\\\/\\\/congebec.com\\\/#organization\",\"name\":\"Congebec\",\"url\":\"https:\\\/\\\/congebec.com\\\/\",\"logo\":{\"@type\":\"ImageObject\",\"inLanguage\":\"en-US\",\"@id\":\"https:\\\/\\\/congebec.com\\\/#\\\/schema\\\/logo\\\/image\\\/\",\"url\":\"https:\\\/\\\/congebec.com\\\/wp-content\\\/uploads\\\/2018\\\/08\\\/V1.png\",\"contentUrl\":\"https:\\\/\\\/congebec.com\\\/wp-content\\\/uploads\\\/2018\\\/08\\\/V1.png\",\"width\":160,\"height\":143,\"caption\":\"Congebec\"},\"image\":{\"@id\":\"https:\\\/\\\/congebec.com\\\/#\\\/schema\\\/logo\\\/image\\\/\"},\"sameAs\":[\"https:\\\/\\\/www.facebook.com\\\/congebec\\\/\",\"https:\\\/\\\/www.linkedin.com\\\/company\\\/congebec\\\/\",\"https:\\\/\\\/en.wikipedia.org\\\/wiki\\\/Congebec_Logistics\"]},{\"@type\":\"Person\",\"@id\":\"https:\\\/\\\/congebec.com\\\/#\\\/schema\\\/person\\\/3a4ba1e4813672c40bfb9bc0965f1654\",\"name\":\"Danielle Cantin\"}]}<\/script>\n<!-- \/ Yoast SEO plugin. -->","yoast_head_json":{"title":"Congebec, Rosefellow et Skyline d\u00e9voilent leur projet de construction \u00e0 Mascouche (French) - Congebec","robots":{"index":"index","follow":"follow","max-snippet":"max-snippet:-1","max-image-preview":"max-image-preview:large","max-video-preview":"max-video-preview:-1"},"canonical":"https:\/\/congebec.com\/en\/press-release-mascouche\/","og_locale":"en_US","og_type":"article","og_title":"Congebec, Rosefellow et Skyline d\u00e9voilent leur projet de construction \u00e0 Mascouche (French) - Congebec","og_description":"Congebec begins operation of its new freezer on Montreal's North Shore, a crucial infrastructure in the development of the local food industry, and announces impressive support for food aid networks. (Article in French)","og_url":"https:\/\/congebec.com\/en\/press-release-mascouche\/","og_site_name":"Congebec","article_publisher":"https:\/\/www.facebook.com\/congebec\/","article_published_time":"2023-09-18T19:30:47+00:00","article_modified_time":"2023-09-19T14:35:28+00:00","og_image":[{"width":1901,"height":602,"url":"https:\/\/congebec.com\/wp-content\/uploads\/2023\/09\/SITE-WEB-Coupure-du-ruban-1.png","type":"image\/png"}],"author":"Danielle Cantin","twitter_card":"summary_large_image","twitter_misc":{"Written by":"Danielle Cantin","Est. reading time":"5 minutes"},"schema":{"@context":"https:\/\/schema.org","@graph":[{"@type":"Article","@id":"https:\/\/congebec.com\/en\/press-release-mascouche\/#article","isPartOf":{"@id":"https:\/\/congebec.com\/en\/press-release-mascouche\/"},"author":{"name":"Danielle Cantin","@id":"https:\/\/congebec.com\/#\/schema\/person\/3a4ba1e4813672c40bfb9bc0965f1654"},"headline":"Congebec, Rosefellow et Skyline d\u00e9voilent leur projet de construction \u00e0 Mascouche (French)","datePublished":"2023-09-18T19:30:47+00:00","dateModified":"2023-09-19T14:35:28+00:00","mainEntityOfPage":{"@id":"https:\/\/congebec.com\/en\/press-release-mascouche\/"},"wordCount":1106,"publisher":{"@id":"https:\/\/congebec.com\/#organization"},"image":{"@id":"https:\/\/congebec.com\/en\/press-release-mascouche\/#primaryimage"},"thumbnailUrl":"https:\/\/congebec.com\/wp-content\/uploads\/2023\/09\/SITE-WEB-Coupure-du-ruban-1.png","articleSection":["Accueil - EN","Interne - EN"],"inLanguage":"en-US"},{"@type":"WebPage","@id":"https:\/\/congebec.com\/en\/press-release-mascouche\/","url":"https:\/\/congebec.com\/en\/press-release-mascouche\/","name":"Congebec, Rosefellow et Skyline d\u00e9voilent leur projet de construction \u00e0 Mascouche (French) - Congebec","isPartOf":{"@id":"https:\/\/congebec.com\/#website"},"primaryImageOfPage":{"@id":"https:\/\/congebec.com\/en\/press-release-mascouche\/#primaryimage"},"image":{"@id":"https:\/\/congebec.com\/en\/press-release-mascouche\/#primaryimage"},"thumbnailUrl":"https:\/\/congebec.com\/wp-content\/uploads\/2023\/09\/SITE-WEB-Coupure-du-ruban-1.png","datePublished":"2023-09-18T19:30:47+00:00","dateModified":"2023-09-19T14:35:28+00:00","breadcrumb":{"@id":"https:\/\/congebec.com\/en\/press-release-mascouche\/#breadcrumb"},"inLanguage":"en-US","potentialAction":[{"@type":"ReadAction","target":["https:\/\/congebec.com\/en\/press-release-mascouche\/"]}]},{"@type":"ImageObject","inLanguage":"en-US","@id":"https:\/\/congebec.com\/en\/press-release-mascouche\/#primaryimage","url":"https:\/\/congebec.com\/wp-content\/uploads\/2023\/09\/SITE-WEB-Coupure-du-ruban-1.png","contentUrl":"https:\/\/congebec.com\/wp-content\/uploads\/2023\/09\/SITE-WEB-Coupure-du-ruban-1.png","width":1901,"height":602},{"@type":"BreadcrumbList","@id":"https:\/\/congebec.com\/en\/press-release-mascouche\/#breadcrumb","itemListElement":[{"@type":"ListItem","position":1,"name":"Accueil","item":"https:\/\/congebec.com\/"},{"@type":"ListItem","position":2,"name":"Congebec, Rosefellow et Skyline d\u00e9voilent leur projet de construction \u00e0 Mascouche (French)"}]},{"@type":"WebSite","@id":"https:\/\/congebec.com\/#website","url":"https:\/\/congebec.com\/","name":"Congebec","description":"","publisher":{"@id":"https:\/\/congebec.com\/#organization"},"potentialAction":[{"@type":"SearchAction","target":{"@type":"EntryPoint","urlTemplate":"https:\/\/congebec.com\/?s={search_term_string}"},"query-input":{"@type":"PropertyValueSpecification","valueRequired":true,"valueName":"search_term_string"}}],"inLanguage":"en-US"},{"@type":"Organization","@id":"https:\/\/congebec.com\/#organization","name":"Congebec","url":"https:\/\/congebec.com\/","logo":{"@type":"ImageObject","inLanguage":"en-US","@id":"https:\/\/congebec.com\/#\/schema\/logo\/image\/","url":"https:\/\/congebec.com\/wp-content\/uploads\/2018\/08\/V1.png","contentUrl":"https:\/\/congebec.com\/wp-content\/uploads\/2018\/08\/V1.png","width":160,"height":143,"caption":"Congebec"},"image":{"@id":"https:\/\/congebec.com\/#\/schema\/logo\/image\/"},"sameAs":["https:\/\/www.facebook.com\/congebec\/","https:\/\/www.linkedin.com\/company\/congebec\/","https:\/\/en.wikipedia.org\/wiki\/Congebec_Logistics"]},{"@type":"Person","@id":"https:\/\/congebec.com\/#\/schema\/person\/3a4ba1e4813672c40bfb9bc0965f1654","name":"Danielle Cantin"}]}},"_links":{"self":[{"href":"https:\/\/congebec.com\/en\/wp-json\/wp\/v2\/posts\/19042","targetHints":{"allow":["GET"]}}],"collection":[{"href":"https:\/\/congebec.com\/en\/wp-json\/wp\/v2\/posts"}],"about":[{"href":"https:\/\/congebec.com\/en\/wp-json\/wp\/v2\/types\/post"}],"author":[{"embeddable":true,"href":"https:\/\/congebec.com\/en\/wp-json\/wp\/v2\/users\/2"}],"replies":[{"embeddable":true,"href":"https:\/\/congebec.com\/en\/wp-json\/wp\/v2\/comments?post=19042"}],"version-history":[{"count":0,"href":"https:\/\/congebec.com\/en\/wp-json\/wp\/v2\/posts\/19042\/revisions"}],"wp:featuredmedia":[{"embeddable":true,"href":"https:\/\/congebec.com\/en\/wp-json\/wp\/v2\/media\/19083"}],"wp:attachment":[{"href":"https:\/\/congebec.com\/en\/wp-json\/wp\/v2\/media?parent=19042"}],"wp:term":[{"taxonomy":"category","embeddable":true,"href":"https:\/\/congebec.com\/en\/wp-json\/wp\/v2\/categories?post=19042"},{"taxonomy":"post_tag","embeddable":true,"href":"https:\/\/congebec.com\/en\/wp-json\/wp\/v2\/tags?post=19042"}],"curies":[{"name":"wp","href":"https:\/\/api.w.org\/{rel}","templated":true}]}}